{"id":4162,"date":"2023-11-03T21:04:07","date_gmt":"2023-11-03T20:04:07","guid":{"rendered":"https:\/\/www.stadtkapelle-neunburg.de\/?p=4162"},"modified":"2023-11-10T22:04:41","modified_gmt":"2023-11-10T21:04:41","slug":"norris-force-in-concert-2","status":"publish","type":"post","link":"https:\/\/www.stadtkapelle-neunburg.de\/?p=4162","title":{"rendered":"Norris Force in Concert 2"},"content":{"rendered":"\n<p>\u201eDer geilste Verein und das geilste Orchester\u201c. So beschrieb es Ralph Eisgrub von den Star Wars Freunden N\u00fcrnberg beim gro\u00dfen gemeinsamen Wiedersehen. Bereits vor acht Jahren gastierte die Stadtkapelle Neunburg beim N\u00fcrnberger Fanclub, nachdem dieser zuvor bereits Teil der 2015 veranstalteten Oscar Gala in der Schwarzachtalhalle war.<\/p>\n\n\n\n<p>Die Besonderheit dieses Abends war sicherlich die Lokalit\u00e4t. So spielte das Orchester nicht etwa wie \u00fcblich in einer Halle oder einem Konzertsaal, sondern unter der Sternenkuppel des Planetariums N\u00fcrnberg: f\u00fcr Zuh\u00f6rer wie Musiker ein besonderes Ereignis. Anl\u00e4sslich dieses Besuchs haben die Musiker unter der Leitung von Markus Held ein ca. einst\u00fcndiges Konzertprogramm einstudiert, welches der Atmosph\u00e4re w\u00fcrdig war. Dabei ert\u00f6nten einerseits klanggewaltige Werke wie \u201eAlso sprach Zarathustra\u201c oder \u201eJupiter Hymn\u201c aus Gustav Holst&#8217;s \u201eDie Planeten\u201c, aber auch rasante Filmmusik von \u201eDoctor Who\u201c oder der Serie \u201eThe Mandalorian\u201c. Die musikalische Hauptattraktion des Abends war allerdings, wie sollte es auch anders sein, das Werk der \u201eStar Wars Saga\u201c aus der Feder von John Williams, welches die Konzertbesucher gar zu Jubelst\u00fcrmen verleitete. <\/p>\n\n\n\n<p>Dirigent Markus Held lud die Fangemeinde zum allj\u00e4hrlichen Weihnachtskonzert der Stadtkapelle Neunburg am 25. Dezember ein, mit dem Verweis, dass ein Teil der gespielten Werke auch dort vorkommen werden.<\/p>\n\n\n\n<figure class=\"wp-block-image aligncenter size-full is-resized\"><img loading=\"lazy\" decoding=\"async\" width=\"1200\" height=\"1600\" src=\"https:\/\/www.stadtkapelle-neunburg.de\/wp-content\/uploads\/365\/Bild-6_Hanna-Fu\u00df.jpg\" alt=\"\" class=\"wp-image-4167\" style=\"width:500px\"\/><\/figure>\n","protected":false},"excerpt":{"rendered":"<p>\u201eDer geilste Verein und das geilste Orchester\u201c. So beschrieb es Ralph Eisgrub von den Star Wars Freunden N\u00fcrnberg beim gro\u00dfen gemeinsamen Wiedersehen. Bereits vor acht Jahren gastierte die Stadtkapelle Neunburg beim N\u00fcrnberger Fanclub, nachdem dieser zuvor bereits Teil der 2015 veranstalteten Oscar Gala in der Schwarzachtalhalle war. Die Besonderheit dieses Abends war sicherlich die Lokalit\u00e4t. [&hellip;]<\/p>\n","protected":false},"author":3,"featured_media":4164,"comment_status":"open","ping_status":"closed","sticky":false,"template":"","format":"standard","meta":{"site-sidebar-layout":"default","site-content-layout":"","ast-site-content-layout":"default","site-content-style":"default","site-sidebar-style":"default","ast-global-header-display":"","ast-banner-title-visibility":"","ast-main-header-display":"","ast-hfb-above-header-display":"","ast-hfb-below-header-display":"","ast-hfb-mobile-header-display":"","site-post-title":"","ast-breadcrumbs-content":"","ast-featured-img":"","footer-sml-layout":"","ast-disable-related-posts":"","theme-transparent-header-meta":"","adv-header-id-meta":"","stick-header-meta":"","header-above-stick-meta":"","header-main-stick-meta":"","header-below-stick-meta":"","astra-migrate-meta-layouts":"set","ast-page-background-enabled":"default","ast-page-background-meta":{"desktop":{"background-color":"","background-image":"","background-repeat":"repeat","background-position":"center center","background-size":"auto","background-attachment":"scroll","background-type":"","background-media":"","overlay-type":"","overlay-color":"","overlay-opacity":"","overlay-gradient":""},"tablet":{"background-color":"","background-image":"","background-repeat":"repeat","background-position":"center center","background-size":"auto","background-attachment":"scroll","background-type":"","background-media":"","overlay-type":"","overlay-color":"","overlay-opacity":"","overlay-gradient":""},"mobile":{"background-color":"","background-image":"","background-repeat":"repeat","background-position":"center center","background-size":"auto","background-attachment":"scroll","background-type":"","background-media":"","overlay-type":"","overlay-color":"","overlay-opacity":"","overlay-gradient":""}},"ast-content-background-meta":{"desktop":{"background-color":"var(--ast-global-color-5)","background-image":"","background-repeat":"repeat","background-position":"center center","background-size":"auto","background-attachment":"scroll","background-type":"","background-media":"","overlay-type":"","overlay-color":"","overlay-opacity":"","overlay-gradient":""},"tablet":{"background-color":"var(--ast-global-color-5)","background-image":"","background-repeat":"repeat","background-position":"center center","background-size":"auto","background-attachment":"scroll","background-type":"","background-media":"","overlay-type":"","overlay-color":"","overlay-opacity":"","overlay-gradient":""},"mobile":{"background-color":"var(--ast-global-color-5)","background-image":"","background-repeat":"repeat","background-position":"center center","background-size":"auto","background-attachment":"scroll","background-type":"","background-media":"","overlay-type":"","overlay-color":"","overlay-opacity":"","overlay-gradient":""}},"footnotes":""},"categories":[7],"tags":[8,9,11,13,38],"class_list":["post-4162","post","type-post","status-publish","format-standard","has-post-thumbnail","hentry","category-aktuelles","tag-blasmusik","tag-blasorchester","tag-markus-held","tag-stadtkapelle-neunburg-vorm-wald","tag-symphonische-blasmusik"],"_links":{"self":[{"href":"https:\/\/www.stadtkapelle-neunburg.de\/index.php?rest_route=\/wp\/v2\/posts\/4162","targetHints":{"allow":["GET"]}}],"collection":[{"href":"https:\/\/www.stadtkapelle-neunburg.de\/index.php?rest_route=\/wp\/v2\/posts"}],"about":[{"href":"https:\/\/www.stadtkapelle-neunburg.de\/index.php?rest_route=\/wp\/v2\/types\/post"}],"author":[{"embeddable":true,"href":"https:\/\/www.stadtkapelle-neunburg.de\/index.php?rest_route=\/wp\/v2\/users\/3"}],"replies":[{"embeddable":true,"href":"https:\/\/www.stadtkapelle-neunburg.de\/index.php?rest_route=%2Fwp%2Fv2%2Fcomments&post=4162"}],"version-history":[{"count":5,"href":"https:\/\/www.stadtkapelle-neunburg.de\/index.php?rest_route=\/wp\/v2\/posts\/4162\/revisions"}],"predecessor-version":[{"id":4171,"href":"https:\/\/www.stadtkapelle-neunburg.de\/index.php?rest_route=\/wp\/v2\/posts\/4162\/revisions\/4171"}],"wp:featuredmedia":[{"embeddable":true,"href":"https:\/\/www.stadtkapelle-neunburg.de\/index.php?rest_route=\/wp\/v2\/media\/4164"}],"wp:attachment":[{"href":"https:\/\/www.stadtkapelle-neunburg.de\/index.php?rest_route=%2Fwp%2Fv2%2Fmedia&parent=4162"}],"wp:term":[{"taxonomy":"category","embeddable":true,"href":"https:\/\/www.stadtkapelle-neunburg.de\/index.php?rest_route=%2Fwp%2Fv2%2Fcategories&post=4162"},{"taxonomy":"post_tag","embeddable":true,"href":"https:\/\/www.stadtkapelle-neunburg.de\/index.php?rest_route=%2Fwp%2Fv2%2Ftags&post=4162"}],"curies":[{"name":"wp","href":"https:\/\/api.w.org\/{rel}","templated":true}]}}